{"id":2487,"date":"2025-03-31T15:11:08","date_gmt":"2025-03-31T15:11:08","guid":{"rendered":"https:\/\/xuntatellanera.org\/?p=2487"},"modified":"2025-09-24T07:12:18","modified_gmt":"2025-09-24T07:12:18","slug":"el-ayuntamiento-de-llanera-estudia-la-posibilidad-de-instalar-placas-en-los-edificios-municipales","status":"publish","type":"post","link":"https:\/\/xuntatellanera.org\/index.php\/2025\/03\/31\/el-ayuntamiento-de-llanera-estudia-la-posibilidad-de-instalar-placas-en-los-edificios-municipales\/","title":{"rendered":"El Ayuntamiento de Llanera estudia la posibilidad de instalar placas en los edificios municipales"},"content":{"rendered":"\n<p>Tras la reciente reuni\u00f3n de la comunidad energ\u00e9tica X\u00fantate Llanera con nuestro ayuntamiento, el consistorio de Llanera ha informado de que est\u00e1 estudiando <strong>la posibilidad de instalar placas solares en los tejados de algunos edificios municipales<\/strong>.<\/p>\n\n\n\n<figure class=\"wp-block-image size-large\"><img loading=\"lazy\" decoding=\"async\" width=\"769\" height=\"1024\" src=\"https:\/\/xuntatellanera.org\/wp-content\/uploads\/2025\/03\/llanera02-769x1024.jpg\" alt=\"\" class=\"wp-image-2489\" srcset=\"https:\/\/xuntatellanera.org\/wp-content\/uploads\/2025\/03\/llanera02-769x1024.jpg 769w, https:\/\/xuntatellanera.org\/wp-content\/uploads\/2025\/03\/llanera02-225x300.jpg 225w, https:\/\/xuntatellanera.org\/wp-content\/uploads\/2025\/03\/llanera02-768x1023.jpg 768w, https:\/\/xuntatellanera.org\/wp-content\/uploads\/2025\/03\/llanera02-1153x1536.jpg 1153w, https:\/\/xuntatellanera.org\/wp-content\/uploads\/2025\/03\/llanera02-45x60.jpg 45w, https:\/\/xuntatellanera.org\/wp-content\/uploads\/2025\/03\/llanera02-450x600.jpg 450w, https:\/\/xuntatellanera.org\/wp-content\/uploads\/2025\/03\/llanera02-370x494.jpg 370w, https:\/\/xuntatellanera.org\/wp-content\/uploads\/2025\/03\/llanera02-600x799.jpg 600w, https:\/\/xuntatellanera.org\/wp-content\/uploads\/2025\/03\/llanera02.jpg 1537w\" sizes=\"auto, (max-width: 769px) 100vw, 769px\" \/><\/figure>\n\n\n\n<p>Desde X\u00fantate Llanera creemos que se trata de una buena noticia para el concejo y esperamos que pr\u00f3ximamente podamos informar de avances significativos en esta hoja de ruta para hacer realidad <strong>una comunidad energ\u00e9tica abierta a toda la ciudadan\u00eda<\/strong>.<\/p>\n","protected":false},"excerpt":{"rendered":"<p>Tras la reciente reuni\u00f3n de la comunidad energ\u00e9tica X\u00fantate Llanera con nuestro ayuntamiento, el consistorio de Llanera informa de que est\u00e1 estudiando la posibilidad de instalar placas solares en los tejados de algunos edificios municipales.<\/p>\n","protected":false},"author":1,"featured_media":2488,"comment_status":"closed","ping_status":"open","sticky":false,"template":"","format":"standard","meta":{"_joinchat":[],"footnotes":""},"categories":[41],"tags":[],"class_list":["post-2487","post","type-post","status-publish","format-standard","has-post-thumbnail","hentry","category-xuntate","latest_post"],"yoast_head":"<!-- This site is optimized with the Yoast SEO plugin v27.4 - https:\/\/yoast.com\/product\/yoast-seo-wordpress\/ -->\n<title>Placas solares en los edificios municipales de Llanera<\/title>\n<meta name=\"description\" content=\"X\u00fantate Llanera junto con el ayuntamiento estudia la posibilidad de a\u00f1adir placas solares en los edificios municipales de Llanera.\" \/>\n<meta name=\"robots\" content=\"index, follow, max-snippet:-1, max-image-preview:large, max-video-preview:-1\" \/>\n<link rel=\"canonical\" href=\"https:\/\/xuntatellanera.org\/index.php\/2025\/03\/31\/el-ayuntamiento-de-llanera-estudia-la-posibilidad-de-instalar-placas-en-los-edificios-municipales\/\" \/>\n<meta property=\"og:locale\" content=\"es_ES\" \/>\n<meta property=\"og:type\" content=\"article\" \/>\n<meta property=\"og:title\" content=\"Placas solares en los edificios municipales de Llanera\" \/>\n<meta property=\"og:description\" content=\"X\u00fantate Llanera junto con el ayuntamiento estudia la posibilidad de a\u00f1adir placas solares en los edificios municipales de Llanera.\" \/>\n<meta property=\"og:url\" content=\"https:\/\/xuntatellanera.org\/index.php\/2025\/03\/31\/el-ayuntamiento-de-llanera-estudia-la-posibilidad-de-instalar-placas-en-los-edificios-municipales\/\" \/>\n<meta property=\"og:site_name\" content=\"X\u00fantate Llanera - Comunidad energ\u00e9tica\" \/>\n<meta property=\"article:published_time\" content=\"2025-03-31T15:11:08+00:00\" \/>\n<meta property=\"article:modified_time\" content=\"2025-09-24T07:12:18+00:00\" \/>\n<meta property=\"og:image\" content=\"https:\/\/xuntatellanera.org\/wp-content\/uploads\/2025\/03\/llanerta01.jpg\" \/>\n\t<meta property=\"og:image:width\" content=\"1537\" \/>\n\t<meta property=\"og:image:height\" content=\"2048\" \/>\n\t<meta property=\"og:image:type\" content=\"image\/jpeg\" \/>\n<meta name=\"author\" content=\"admin\" \/>\n<meta name=\"twitter:card\" content=\"summary_large_image\" \/>\n<meta name=\"twitter:label1\" content=\"Escrito por\" \/>\n\t<meta name=\"twitter:data1\" content=\"admin\" \/>\n\t<meta name=\"twitter:label2\" content=\"Tiempo de lectura\" \/>\n\t<meta name=\"twitter:data2\" content=\"1 minuto\" \/>\n<script type=\"application\/ld+json\" class=\"yoast-schema-graph\">{\"@context\":\"https:\\\/\\\/schema.org\",\"@graph\":[{\"@type\":\"Article\",\"@id\":\"https:\\\/\\\/xuntatellanera.org\\\/index.php\\\/2025\\\/03\\\/31\\\/el-ayuntamiento-de-llanera-estudia-la-posibilidad-de-instalar-placas-en-los-edificios-municipales\\\/#article\",\"isPartOf\":{\"@id\":\"https:\\\/\\\/xuntatellanera.org\\\/index.php\\\/2025\\\/03\\\/31\\\/el-ayuntamiento-de-llanera-estudia-la-posibilidad-de-instalar-placas-en-los-edificios-municipales\\\/\"},\"author\":{\"name\":\"admin\",\"@id\":\"https:\\\/\\\/xuntatellanera.org\\\/#\\\/schema\\\/person\\\/6e080386fd1a1f1ed1c8fea432504e54\"},\"headline\":\"El Ayuntamiento de Llanera estudia la posibilidad de instalar placas en los edificios municipales\",\"datePublished\":\"2025-03-31T15:11:08+00:00\",\"dateModified\":\"2025-09-24T07:12:18+00:00\",\"mainEntityOfPage\":{\"@id\":\"https:\\\/\\\/xuntatellanera.org\\\/index.php\\\/2025\\\/03\\\/31\\\/el-ayuntamiento-de-llanera-estudia-la-posibilidad-de-instalar-placas-en-los-edificios-municipales\\\/\"},\"wordCount\":96,\"publisher\":{\"@id\":\"https:\\\/\\\/xuntatellanera.org\\\/#organization\"},\"image\":{\"@id\":\"https:\\\/\\\/xuntatellanera.org\\\/index.php\\\/2025\\\/03\\\/31\\\/el-ayuntamiento-de-llanera-estudia-la-posibilidad-de-instalar-placas-en-los-edificios-municipales\\\/#primaryimage\"},\"thumbnailUrl\":\"https:\\\/\\\/xuntatellanera.org\\\/wp-content\\\/uploads\\\/2025\\\/03\\\/llanerta01.jpg\",\"articleSection\":[\"X\u00fantate Llanera\"],\"inLanguage\":\"es\"},{\"@type\":\"WebPage\",\"@id\":\"https:\\\/\\\/xuntatellanera.org\\\/index.php\\\/2025\\\/03\\\/31\\\/el-ayuntamiento-de-llanera-estudia-la-posibilidad-de-instalar-placas-en-los-edificios-municipales\\\/\",\"url\":\"https:\\\/\\\/xuntatellanera.org\\\/index.php\\\/2025\\\/03\\\/31\\\/el-ayuntamiento-de-llanera-estudia-la-posibilidad-de-instalar-placas-en-los-edificios-municipales\\\/\",\"name\":\"Placas solares en los edificios municipales de Llanera\",\"isPartOf\":{\"@id\":\"https:\\\/\\\/xuntatellanera.org\\\/#website\"},\"primaryImageOfPage\":{\"@id\":\"https:\\\/\\\/xuntatellanera.org\\\/index.php\\\/2025\\\/03\\\/31\\\/el-ayuntamiento-de-llanera-estudia-la-posibilidad-de-instalar-placas-en-los-edificios-municipales\\\/#primaryimage\"},\"image\":{\"@id\":\"https:\\\/\\\/xuntatellanera.org\\\/index.php\\\/2025\\\/03\\\/31\\\/el-ayuntamiento-de-llanera-estudia-la-posibilidad-de-instalar-placas-en-los-edificios-municipales\\\/#primaryimage\"},\"thumbnailUrl\":\"https:\\\/\\\/xuntatellanera.org\\\/wp-content\\\/uploads\\\/2025\\\/03\\\/llanerta01.jpg\",\"datePublished\":\"2025-03-31T15:11:08+00:00\",\"dateModified\":\"2025-09-24T07:12:18+00:00\",\"description\":\"X\u00fantate Llanera junto con el ayuntamiento estudia la posibilidad de a\u00f1adir placas solares en los edificios municipales de Llanera.\",\"breadcrumb\":{\"@id\":\"https:\\\/\\\/xuntatellanera.org\\\/index.php\\\/2025\\\/03\\\/31\\\/el-ayuntamiento-de-llanera-estudia-la-posibilidad-de-instalar-placas-en-los-edificios-municipales\\\/#breadcrumb\"},\"inLanguage\":\"es\",\"potentialAction\":[{\"@type\":\"ReadAction\",\"target\":[\"https:\\\/\\\/xuntatellanera.org\\\/index.php\\\/2025\\\/03\\\/31\\\/el-ayuntamiento-de-llanera-estudia-la-posibilidad-de-instalar-placas-en-los-edificios-municipales\\\/\"]}]},{\"@type\":\"ImageObject\",\"inLanguage\":\"es\",\"@id\":\"https:\\\/\\\/xuntatellanera.org\\\/index.php\\\/2025\\\/03\\\/31\\\/el-ayuntamiento-de-llanera-estudia-la-posibilidad-de-instalar-placas-en-los-edificios-municipales\\\/#primaryimage\",\"url\":\"https:\\\/\\\/xuntatellanera.org\\\/wp-content\\\/uploads\\\/2025\\\/03\\\/llanerta01.jpg\",\"contentUrl\":\"https:\\\/\\\/xuntatellanera.org\\\/wp-content\\\/uploads\\\/2025\\\/03\\\/llanerta01.jpg\",\"width\":1537,\"height\":2048},{\"@type\":\"BreadcrumbList\",\"@id\":\"https:\\\/\\\/xuntatellanera.org\\\/index.php\\\/2025\\\/03\\\/31\\\/el-ayuntamiento-de-llanera-estudia-la-posibilidad-de-instalar-placas-en-los-edificios-municipales\\\/#breadcrumb\",\"itemListElement\":[{\"@type\":\"ListItem\",\"position\":1,\"name\":\"Portada\",\"item\":\"https:\\\/\\\/xuntatellanera.org\\\/\"},{\"@type\":\"ListItem\",\"position\":2,\"name\":\"El Ayuntamiento de Llanera estudia la posibilidad de instalar placas en los edificios municipales\"}]},{\"@type\":\"WebSite\",\"@id\":\"https:\\\/\\\/xuntatellanera.org\\\/#website\",\"url\":\"https:\\\/\\\/xuntatellanera.org\\\/\",\"name\":\"X\u00fantate Llanera - Comunidad energ\u00e9tica\",\"description\":\"X\u00fantate Llanera - Comunidad energ\u00e9tica\",\"publisher\":{\"@id\":\"https:\\\/\\\/xuntatellanera.org\\\/#organization\"},\"potentialAction\":[{\"@type\":\"SearchAction\",\"target\":{\"@type\":\"EntryPoint\",\"urlTemplate\":\"https:\\\/\\\/xuntatellanera.org\\\/?s={search_term_string}\"},\"query-input\":{\"@type\":\"PropertyValueSpecification\",\"valueRequired\":true,\"valueName\":\"search_term_string\"}}],\"inLanguage\":\"es\"},{\"@type\":\"Organization\",\"@id\":\"https:\\\/\\\/xuntatellanera.org\\\/#organization\",\"name\":\"X\u00fantate Llanera - Comunidad energ\u00e9tica\",\"url\":\"https:\\\/\\\/xuntatellanera.org\\\/\",\"logo\":{\"@type\":\"ImageObject\",\"inLanguage\":\"es\",\"@id\":\"https:\\\/\\\/xuntatellanera.org\\\/#\\\/schema\\\/logo\\\/image\\\/\",\"url\":\"https:\\\/\\\/xuntatellanera.org\\\/wp-content\\\/uploads\\\/2022\\\/08\\\/cropped-Logo-Xuntate-transparente.png\",\"contentUrl\":\"https:\\\/\\\/xuntatellanera.org\\\/wp-content\\\/uploads\\\/2022\\\/08\\\/cropped-Logo-Xuntate-transparente.png\",\"width\":500,\"height\":280,\"caption\":\"X\u00fantate Llanera - Comunidad energ\u00e9tica\"},\"image\":{\"@id\":\"https:\\\/\\\/xuntatellanera.org\\\/#\\\/schema\\\/logo\\\/image\\\/\"}},{\"@type\":\"Person\",\"@id\":\"https:\\\/\\\/xuntatellanera.org\\\/#\\\/schema\\\/person\\\/6e080386fd1a1f1ed1c8fea432504e54\",\"name\":\"admin\",\"image\":{\"@type\":\"ImageObject\",\"inLanguage\":\"es\",\"@id\":\"https:\\\/\\\/secure.gravatar.com\\\/avatar\\\/bb8f707bfa83dfa4be179c71e9be1ef571ec111bd16393df56e8837a0b06d467?s=96&d=mm&r=g\",\"url\":\"https:\\\/\\\/secure.gravatar.com\\\/avatar\\\/bb8f707bfa83dfa4be179c71e9be1ef571ec111bd16393df56e8837a0b06d467?s=96&d=mm&r=g\",\"contentUrl\":\"https:\\\/\\\/secure.gravatar.com\\\/avatar\\\/bb8f707bfa83dfa4be179c71e9be1ef571ec111bd16393df56e8837a0b06d467?s=96&d=mm&r=g\",\"caption\":\"admin\"},\"sameAs\":[\"https:\\\/\\\/xuntatellanera.org\"],\"url\":\"https:\\\/\\\/xuntatellanera.org\\\/index.php\\\/author\\\/melodijoperez\\\/\"}]}<\/script>\n<!-- \/ Yoast SEO plugin. -->","yoast_head_json":{"title":"Placas solares en los edificios municipales de Llanera","description":"X\u00fantate Llanera junto con el ayuntamiento estudia la posibilidad de a\u00f1adir placas solares en los edificios municipales de Llanera.","robots":{"index":"index","follow":"follow","max-snippet":"max-snippet:-1","max-image-preview":"max-image-preview:large","max-video-preview":"max-video-preview:-1"},"canonical":"https:\/\/xuntatellanera.org\/index.php\/2025\/03\/31\/el-ayuntamiento-de-llanera-estudia-la-posibilidad-de-instalar-placas-en-los-edificios-municipales\/","og_locale":"es_ES","og_type":"article","og_title":"Placas solares en los edificios municipales de Llanera","og_description":"X\u00fantate Llanera junto con el ayuntamiento estudia la posibilidad de a\u00f1adir placas solares en los edificios municipales de Llanera.","og_url":"https:\/\/xuntatellanera.org\/index.php\/2025\/03\/31\/el-ayuntamiento-de-llanera-estudia-la-posibilidad-de-instalar-placas-en-los-edificios-municipales\/","og_site_name":"X\u00fantate Llanera - Comunidad energ\u00e9tica","article_published_time":"2025-03-31T15:11:08+00:00","article_modified_time":"2025-09-24T07:12:18+00:00","og_image":[{"width":1537,"height":2048,"url":"https:\/\/xuntatellanera.org\/wp-content\/uploads\/2025\/03\/llanerta01.jpg","type":"image\/jpeg"}],"author":"admin","twitter_card":"summary_large_image","twitter_misc":{"Escrito por":"admin","Tiempo de lectura":"1 minuto"},"schema":{"@context":"https:\/\/schema.org","@graph":[{"@type":"Article","@id":"https:\/\/xuntatellanera.org\/index.php\/2025\/03\/31\/el-ayuntamiento-de-llanera-estudia-la-posibilidad-de-instalar-placas-en-los-edificios-municipales\/#article","isPartOf":{"@id":"https:\/\/xuntatellanera.org\/index.php\/2025\/03\/31\/el-ayuntamiento-de-llanera-estudia-la-posibilidad-de-instalar-placas-en-los-edificios-municipales\/"},"author":{"name":"admin","@id":"https:\/\/xuntatellanera.org\/#\/schema\/person\/6e080386fd1a1f1ed1c8fea432504e54"},"headline":"El Ayuntamiento de Llanera estudia la posibilidad de instalar placas en los edificios municipales","datePublished":"2025-03-31T15:11:08+00:00","dateModified":"2025-09-24T07:12:18+00:00","mainEntityOfPage":{"@id":"https:\/\/xuntatellanera.org\/index.php\/2025\/03\/31\/el-ayuntamiento-de-llanera-estudia-la-posibilidad-de-instalar-placas-en-los-edificios-municipales\/"},"wordCount":96,"publisher":{"@id":"https:\/\/xuntatellanera.org\/#organization"},"image":{"@id":"https:\/\/xuntatellanera.org\/index.php\/2025\/03\/31\/el-ayuntamiento-de-llanera-estudia-la-posibilidad-de-instalar-placas-en-los-edificios-municipales\/#primaryimage"},"thumbnailUrl":"https:\/\/xuntatellanera.org\/wp-content\/uploads\/2025\/03\/llanerta01.jpg","articleSection":["X\u00fantate Llanera"],"inLanguage":"es"},{"@type":"WebPage","@id":"https:\/\/xuntatellanera.org\/index.php\/2025\/03\/31\/el-ayuntamiento-de-llanera-estudia-la-posibilidad-de-instalar-placas-en-los-edificios-municipales\/","url":"https:\/\/xuntatellanera.org\/index.php\/2025\/03\/31\/el-ayuntamiento-de-llanera-estudia-la-posibilidad-de-instalar-placas-en-los-edificios-municipales\/","name":"Placas solares en los edificios municipales de Llanera","isPartOf":{"@id":"https:\/\/xuntatellanera.org\/#website"},"primaryImageOfPage":{"@id":"https:\/\/xuntatellanera.org\/index.php\/2025\/03\/31\/el-ayuntamiento-de-llanera-estudia-la-posibilidad-de-instalar-placas-en-los-edificios-municipales\/#primaryimage"},"image":{"@id":"https:\/\/xuntatellanera.org\/index.php\/2025\/03\/31\/el-ayuntamiento-de-llanera-estudia-la-posibilidad-de-instalar-placas-en-los-edificios-municipales\/#primaryimage"},"thumbnailUrl":"https:\/\/xuntatellanera.org\/wp-content\/uploads\/2025\/03\/llanerta01.jpg","datePublished":"2025-03-31T15:11:08+00:00","dateModified":"2025-09-24T07:12:18+00:00","description":"X\u00fantate Llanera junto con el ayuntamiento estudia la posibilidad de a\u00f1adir placas solares en los edificios municipales de Llanera.","breadcrumb":{"@id":"https:\/\/xuntatellanera.org\/index.php\/2025\/03\/31\/el-ayuntamiento-de-llanera-estudia-la-posibilidad-de-instalar-placas-en-los-edificios-municipales\/#breadcrumb"},"inLanguage":"es","potentialAction":[{"@type":"ReadAction","target":["https:\/\/xuntatellanera.org\/index.php\/2025\/03\/31\/el-ayuntamiento-de-llanera-estudia-la-posibilidad-de-instalar-placas-en-los-edificios-municipales\/"]}]},{"@type":"ImageObject","inLanguage":"es","@id":"https:\/\/xuntatellanera.org\/index.php\/2025\/03\/31\/el-ayuntamiento-de-llanera-estudia-la-posibilidad-de-instalar-placas-en-los-edificios-municipales\/#primaryimage","url":"https:\/\/xuntatellanera.org\/wp-content\/uploads\/2025\/03\/llanerta01.jpg","contentUrl":"https:\/\/xuntatellanera.org\/wp-content\/uploads\/2025\/03\/llanerta01.jpg","width":1537,"height":2048},{"@type":"BreadcrumbList","@id":"https:\/\/xuntatellanera.org\/index.php\/2025\/03\/31\/el-ayuntamiento-de-llanera-estudia-la-posibilidad-de-instalar-placas-en-los-edificios-municipales\/#breadcrumb","itemListElement":[{"@type":"ListItem","position":1,"name":"Portada","item":"https:\/\/xuntatellanera.org\/"},{"@type":"ListItem","position":2,"name":"El Ayuntamiento de Llanera estudia la posibilidad de instalar placas en los edificios municipales"}]},{"@type":"WebSite","@id":"https:\/\/xuntatellanera.org\/#website","url":"https:\/\/xuntatellanera.org\/","name":"X\u00fantate Llanera - Comunidad energ\u00e9tica","description":"X\u00fantate Llanera - Comunidad energ\u00e9tica","publisher":{"@id":"https:\/\/xuntatellanera.org\/#organization"},"potentialAction":[{"@type":"SearchAction","target":{"@type":"EntryPoint","urlTemplate":"https:\/\/xuntatellanera.org\/?s={search_term_string}"},"query-input":{"@type":"PropertyValueSpecification","valueRequired":true,"valueName":"search_term_string"}}],"inLanguage":"es"},{"@type":"Organization","@id":"https:\/\/xuntatellanera.org\/#organization","name":"X\u00fantate Llanera - Comunidad energ\u00e9tica","url":"https:\/\/xuntatellanera.org\/","logo":{"@type":"ImageObject","inLanguage":"es","@id":"https:\/\/xuntatellanera.org\/#\/schema\/logo\/image\/","url":"https:\/\/xuntatellanera.org\/wp-content\/uploads\/2022\/08\/cropped-Logo-Xuntate-transparente.png","contentUrl":"https:\/\/xuntatellanera.org\/wp-content\/uploads\/2022\/08\/cropped-Logo-Xuntate-transparente.png","width":500,"height":280,"caption":"X\u00fantate Llanera - Comunidad energ\u00e9tica"},"image":{"@id":"https:\/\/xuntatellanera.org\/#\/schema\/logo\/image\/"}},{"@type":"Person","@id":"https:\/\/xuntatellanera.org\/#\/schema\/person\/6e080386fd1a1f1ed1c8fea432504e54","name":"admin","image":{"@type":"ImageObject","inLanguage":"es","@id":"https:\/\/secure.gravatar.com\/avatar\/bb8f707bfa83dfa4be179c71e9be1ef571ec111bd16393df56e8837a0b06d467?s=96&d=mm&r=g","url":"https:\/\/secure.gravatar.com\/avatar\/bb8f707bfa83dfa4be179c71e9be1ef571ec111bd16393df56e8837a0b06d467?s=96&d=mm&r=g","contentUrl":"https:\/\/secure.gravatar.com\/avatar\/bb8f707bfa83dfa4be179c71e9be1ef571ec111bd16393df56e8837a0b06d467?s=96&d=mm&r=g","caption":"admin"},"sameAs":["https:\/\/xuntatellanera.org"],"url":"https:\/\/xuntatellanera.org\/index.php\/author\/melodijoperez\/"}]}},"_links":{"self":[{"href":"https:\/\/xuntatellanera.org\/index.php\/wp-json\/wp\/v2\/posts\/2487","targetHints":{"allow":["GET"]}}],"collection":[{"href":"https:\/\/xuntatellanera.org\/index.php\/wp-json\/wp\/v2\/posts"}],"about":[{"href":"https:\/\/xuntatellanera.org\/index.php\/wp-json\/wp\/v2\/types\/post"}],"author":[{"embeddable":true,"href":"https:\/\/xuntatellanera.org\/index.php\/wp-json\/wp\/v2\/users\/1"}],"replies":[{"embeddable":true,"href":"https:\/\/xuntatellanera.org\/index.php\/wp-json\/wp\/v2\/comments?post=2487"}],"version-history":[{"count":1,"href":"https:\/\/xuntatellanera.org\/index.php\/wp-json\/wp\/v2\/posts\/2487\/revisions"}],"predecessor-version":[{"id":2490,"href":"https:\/\/xuntatellanera.org\/index.php\/wp-json\/wp\/v2\/posts\/2487\/revisions\/2490"}],"wp:featuredmedia":[{"embeddable":true,"href":"https:\/\/xuntatellanera.org\/index.php\/wp-json\/wp\/v2\/media\/2488"}],"wp:attachment":[{"href":"https:\/\/xuntatellanera.org\/index.php\/wp-json\/wp\/v2\/media?parent=2487"}],"wp:term":[{"taxonomy":"category","embeddable":true,"href":"https:\/\/xuntatellanera.org\/index.php\/wp-json\/wp\/v2\/categories?post=2487"},{"taxonomy":"post_tag","embeddable":true,"href":"https:\/\/xuntatellanera.org\/index.php\/wp-json\/wp\/v2\/tags?post=2487"}],"curies":[{"name":"wp","href":"https:\/\/api.w.org\/{rel}","templated":true}]}}