{"id":2495,"date":"2025-05-10T07:54:07","date_gmt":"2025-05-10T07:54:07","guid":{"rendered":"https:\/\/xuntatellanera.org\/?p=2495"},"modified":"2025-09-24T10:03:29","modified_gmt":"2025-09-24T10:03:29","slug":"jornadas-de-comunidades-energeticas-en-oviedo","status":"publish","type":"post","link":"https:\/\/xuntatellanera.org\/index.php\/2025\/05\/10\/jornadas-de-comunidades-energeticas-en-oviedo\/","title":{"rendered":"JORNADAS DE COMUNIDADES ENERGETICAS EN OVIEDO"},"content":{"rendered":"\n<p>Encuentro de la comunidad energ\u00e9tica en Oviedo<\/p>\n\n\n\n<p>El pasado encuentro en Oviedo fue un espacio de intercambio muy enriquecedor para nuestra comunidad energ\u00e9tica. Contamos con la participaci\u00f3n de nuestros miembros, el apoyo t\u00e9cnico especializado y la presencia de un representante auton\u00f3mico, lo que dio un impulso especial a la reuni\u00f3n.<\/p>\n\n\n\n<p>Durante la sesi\u00f3n:<\/p>\n\n\n\n<p>Compartimos los avances de nuestros proyectos y repasamos los pr\u00f3ximos pasos.<\/p>\n\n\n\n<p>El t\u00e9cnico resolvi\u00f3 dudas y aclar\u00f3 aspectos pr\u00e1cticos, acercando la parte m\u00e1s t\u00e9cnica a todos los participantes.<\/p>\n\n\n\n<p>El representante auton\u00f3mico present\u00f3&nbsp; las oportunidades de colaboraci\u00f3n que tenemos a nuestro alcance.<\/p>\n\n\n\n<p>El ambiente fue cercano y participativo. Nos fuimos con la sensaci\u00f3n de estar avanzando juntos, sumando esfuerzos para que la comunidad siga creciendo y consolid\u00e1ndose como un proyecto de energ\u00eda sostenible y compartida.<\/p>\n\n\n\n<figure class=\"wp-block-embed is-type-video is-provider-youtube wp-block-embed-youtube wp-embed-aspect-16-9 wp-has-aspect-ratio\"><div class=\"wp-block-embed__wrapper\">\n<iframe loading=\"lazy\" title=\"\u00bfQu\u00e9 es una Comunidad Energ\u00e9tica?: Funcionamiento, Ventajas y actividades que pueden desarrollar\" width=\"700\" height=\"394\" src=\"https:\/\/www.youtube.com\/embed\/aQy8PYksB8w?feature=oembed\" frameborder=\"0\" allow=\"accelerometer; autoplay; clipboard-write; encrypted-media; gyroscope; picture-in-picture; web-share\" referrerpolicy=\"strict-origin-when-cross-origin\" allowfullscreen><\/iframe>\n<\/div><\/figure>\n\n\n\n<div class=\"wp-block-buttons is-layout-flex wp-block-buttons-is-layout-flex\">\n<div class=\"wp-block-button\"><a class=\"wp-block-button__link\" href=\"https:\/\/www.ecologistasenaccion.org\/evento\/uvieu-jornada-sobre-comunidades-energeticas\/2025-05-09\/\">Ver aqui las noticias de Ecologistas en Accion<\/a><\/div>\n<\/div>\n\n\n\n<div class=\"wp-block-buttons is-layout-flex wp-block-buttons-is-layout-flex\">\n<div class=\"wp-block-button\"><a class=\"wp-block-button__link\" href=\"https:\/\/www.nortes.me\/2025\/05\/10\/las-subvenciones-pueden-cubrir-hasta-el-60-de-la-puesta-en-marcha-de-comunidades-energeticas\/\">Noticias en el periodico Nortes<\/a><\/div>\n\n\n\n<div class=\"wp-block-button\"><a class=\"wp-block-button__link\" href=\"https:\/\/axuntase.es\/\">CONOCE NUESTRAS VIVIENDAS <\/a><\/div>\n<\/div>\n","protected":false},"excerpt":{"rendered":"<p>Encuentro de la comunidad energ\u00e9tica en Oviedo El pasado encuentro en Oviedo fue un espacio de intercambio muy enriquecedor para &hellip; <\/p>\n","protected":false},"author":1,"featured_media":2505,"comment_status":"closed","ping_status":"open","sticky":false,"template":"","format":"standard","meta":{"_joinchat":[],"footnotes":""},"categories":[42],"tags":[],"class_list":["post-2495","post","type-post","status-publish","format-standard","has-post-thumbnail","hentry","category-sostenibilidad","latest_post"],"yoast_head":"<!-- This site is optimized with the Yoast SEO plugin v27.4 - https:\/\/yoast.com\/product\/yoast-seo-wordpress\/ -->\n<title>JORNADAS DE COMUNIDADES ENERGETICAS EN OVIEDO - X\u00fantate Llanera - Comunidad energ\u00e9tica<\/title>\n<meta name=\"description\" content=\"&quot;ECOLOGISTAS EN ACCION&quot; PROMUEVE LAS PRIMERAS JORNADAS DE COMUNIDADES ENERGETICAS EN EL PRINCIPADO DE ASTURIAS EN LA LA CIUDAD DE OVIEDO\" \/>\n<meta name=\"robots\" content=\"index, follow, max-snippet:-1, max-image-preview:large, max-video-preview:-1\" \/>\n<link rel=\"canonical\" href=\"https:\/\/xuntatellanera.org\/index.php\/2025\/05\/10\/jornadas-de-comunidades-energeticas-en-oviedo\/\" \/>\n<meta property=\"og:locale\" content=\"es_ES\" \/>\n<meta property=\"og:type\" content=\"article\" \/>\n<meta property=\"og:title\" content=\"JORNADAS DE COMUNIDADES ENERGETICAS EN OVIEDO - X\u00fantate Llanera - Comunidad energ\u00e9tica\" \/>\n<meta property=\"og:description\" content=\"&quot;ECOLOGISTAS EN ACCION&quot; PROMUEVE LAS PRIMERAS JORNADAS DE COMUNIDADES ENERGETICAS EN EL PRINCIPADO DE ASTURIAS EN LA LA CIUDAD DE OVIEDO\" \/>\n<meta property=\"og:url\" content=\"https:\/\/xuntatellanera.org\/index.php\/2025\/05\/10\/jornadas-de-comunidades-energeticas-en-oviedo\/\" \/>\n<meta property=\"og:site_name\" content=\"X\u00fantate Llanera - Comunidad energ\u00e9tica\" \/>\n<meta property=\"article:published_time\" content=\"2025-05-10T07:54:07+00:00\" \/>\n<meta property=\"article:modified_time\" content=\"2025-09-24T10:03:29+00:00\" \/>\n<meta property=\"og:image\" content=\"https:\/\/xuntatellanera.org\/wp-content\/uploads\/2025\/09\/Imagen1.jpg\" \/>\n\t<meta property=\"og:image:width\" content=\"401\" \/>\n\t<meta property=\"og:image:height\" content=\"301\" \/>\n\t<meta property=\"og:image:type\" content=\"image\/jpeg\" \/>\n<meta name=\"author\" content=\"admin\" \/>\n<meta name=\"twitter:card\" content=\"summary_large_image\" \/>\n<meta name=\"twitter:label1\" content=\"Escrito por\" \/>\n\t<meta name=\"twitter:data1\" content=\"admin\" \/>\n\t<meta name=\"twitter:label2\" content=\"Tiempo de lectura\" \/>\n\t<meta name=\"twitter:data2\" content=\"1 minuto\" \/>\n<script type=\"application\/ld+json\" class=\"yoast-schema-graph\">{\"@context\":\"https:\\\/\\\/schema.org\",\"@graph\":[{\"@type\":\"Article\",\"@id\":\"https:\\\/\\\/xuntatellanera.org\\\/index.php\\\/2025\\\/05\\\/10\\\/jornadas-de-comunidades-energeticas-en-oviedo\\\/#article\",\"isPartOf\":{\"@id\":\"https:\\\/\\\/xuntatellanera.org\\\/index.php\\\/2025\\\/05\\\/10\\\/jornadas-de-comunidades-energeticas-en-oviedo\\\/\"},\"author\":{\"name\":\"admin\",\"@id\":\"https:\\\/\\\/xuntatellanera.org\\\/#\\\/schema\\\/person\\\/6e080386fd1a1f1ed1c8fea432504e54\"},\"headline\":\"JORNADAS DE COMUNIDADES ENERGETICAS EN OVIEDO\",\"datePublished\":\"2025-05-10T07:54:07+00:00\",\"dateModified\":\"2025-09-24T10:03:29+00:00\",\"mainEntityOfPage\":{\"@id\":\"https:\\\/\\\/xuntatellanera.org\\\/index.php\\\/2025\\\/05\\\/10\\\/jornadas-de-comunidades-energeticas-en-oviedo\\\/\"},\"wordCount\":176,\"publisher\":{\"@id\":\"https:\\\/\\\/xuntatellanera.org\\\/#organization\"},\"image\":{\"@id\":\"https:\\\/\\\/xuntatellanera.org\\\/index.php\\\/2025\\\/05\\\/10\\\/jornadas-de-comunidades-energeticas-en-oviedo\\\/#primaryimage\"},\"thumbnailUrl\":\"https:\\\/\\\/xuntatellanera.org\\\/wp-content\\\/uploads\\\/2025\\\/09\\\/Imagen1.jpg\",\"articleSection\":[\"Sostenibilidad\"],\"inLanguage\":\"es\"},{\"@type\":\"WebPage\",\"@id\":\"https:\\\/\\\/xuntatellanera.org\\\/index.php\\\/2025\\\/05\\\/10\\\/jornadas-de-comunidades-energeticas-en-oviedo\\\/\",\"url\":\"https:\\\/\\\/xuntatellanera.org\\\/index.php\\\/2025\\\/05\\\/10\\\/jornadas-de-comunidades-energeticas-en-oviedo\\\/\",\"name\":\"JORNADAS DE COMUNIDADES ENERGETICAS EN OVIEDO - X\u00fantate Llanera - Comunidad energ\u00e9tica\",\"isPartOf\":{\"@id\":\"https:\\\/\\\/xuntatellanera.org\\\/#website\"},\"primaryImageOfPage\":{\"@id\":\"https:\\\/\\\/xuntatellanera.org\\\/index.php\\\/2025\\\/05\\\/10\\\/jornadas-de-comunidades-energeticas-en-oviedo\\\/#primaryimage\"},\"image\":{\"@id\":\"https:\\\/\\\/xuntatellanera.org\\\/index.php\\\/2025\\\/05\\\/10\\\/jornadas-de-comunidades-energeticas-en-oviedo\\\/#primaryimage\"},\"thumbnailUrl\":\"https:\\\/\\\/xuntatellanera.org\\\/wp-content\\\/uploads\\\/2025\\\/09\\\/Imagen1.jpg\",\"datePublished\":\"2025-05-10T07:54:07+00:00\",\"dateModified\":\"2025-09-24T10:03:29+00:00\",\"description\":\"\\\"ECOLOGISTAS EN ACCION\\\" PROMUEVE LAS PRIMERAS JORNADAS DE COMUNIDADES ENERGETICAS EN EL PRINCIPADO DE ASTURIAS EN LA LA CIUDAD DE OVIEDO\",\"breadcrumb\":{\"@id\":\"https:\\\/\\\/xuntatellanera.org\\\/index.php\\\/2025\\\/05\\\/10\\\/jornadas-de-comunidades-energeticas-en-oviedo\\\/#breadcrumb\"},\"inLanguage\":\"es\",\"potentialAction\":[{\"@type\":\"ReadAction\",\"target\":[\"https:\\\/\\\/xuntatellanera.org\\\/index.php\\\/2025\\\/05\\\/10\\\/jornadas-de-comunidades-energeticas-en-oviedo\\\/\"]}]},{\"@type\":\"ImageObject\",\"inLanguage\":\"es\",\"@id\":\"https:\\\/\\\/xuntatellanera.org\\\/index.php\\\/2025\\\/05\\\/10\\\/jornadas-de-comunidades-energeticas-en-oviedo\\\/#primaryimage\",\"url\":\"https:\\\/\\\/xuntatellanera.org\\\/wp-content\\\/uploads\\\/2025\\\/09\\\/Imagen1.jpg\",\"contentUrl\":\"https:\\\/\\\/xuntatellanera.org\\\/wp-content\\\/uploads\\\/2025\\\/09\\\/Imagen1.jpg\",\"width\":401,\"height\":301},{\"@type\":\"BreadcrumbList\",\"@id\":\"https:\\\/\\\/xuntatellanera.org\\\/index.php\\\/2025\\\/05\\\/10\\\/jornadas-de-comunidades-energeticas-en-oviedo\\\/#breadcrumb\",\"itemListElement\":[{\"@type\":\"ListItem\",\"position\":1,\"name\":\"Portada\",\"item\":\"https:\\\/\\\/xuntatellanera.org\\\/\"},{\"@type\":\"ListItem\",\"position\":2,\"name\":\"JORNADAS DE COMUNIDADES ENERGETICAS EN OVIEDO\"}]},{\"@type\":\"WebSite\",\"@id\":\"https:\\\/\\\/xuntatellanera.org\\\/#website\",\"url\":\"https:\\\/\\\/xuntatellanera.org\\\/\",\"name\":\"X\u00fantate Llanera - Comunidad energ\u00e9tica\",\"description\":\"X\u00fantate Llanera - Comunidad energ\u00e9tica\",\"publisher\":{\"@id\":\"https:\\\/\\\/xuntatellanera.org\\\/#organization\"},\"potentialAction\":[{\"@type\":\"SearchAction\",\"target\":{\"@type\":\"EntryPoint\",\"urlTemplate\":\"https:\\\/\\\/xuntatellanera.org\\\/?s={search_term_string}\"},\"query-input\":{\"@type\":\"PropertyValueSpecification\",\"valueRequired\":true,\"valueName\":\"search_term_string\"}}],\"inLanguage\":\"es\"},{\"@type\":\"Organization\",\"@id\":\"https:\\\/\\\/xuntatellanera.org\\\/#organization\",\"name\":\"X\u00fantate Llanera - Comunidad energ\u00e9tica\",\"url\":\"https:\\\/\\\/xuntatellanera.org\\\/\",\"logo\":{\"@type\":\"ImageObject\",\"inLanguage\":\"es\",\"@id\":\"https:\\\/\\\/xuntatellanera.org\\\/#\\\/schema\\\/logo\\\/image\\\/\",\"url\":\"https:\\\/\\\/xuntatellanera.org\\\/wp-content\\\/uploads\\\/2022\\\/08\\\/cropped-Logo-Xuntate-transparente.png\",\"contentUrl\":\"https:\\\/\\\/xuntatellanera.org\\\/wp-content\\\/uploads\\\/2022\\\/08\\\/cropped-Logo-Xuntate-transparente.png\",\"width\":500,\"height\":280,\"caption\":\"X\u00fantate Llanera - Comunidad energ\u00e9tica\"},\"image\":{\"@id\":\"https:\\\/\\\/xuntatellanera.org\\\/#\\\/schema\\\/logo\\\/image\\\/\"}},{\"@type\":\"Person\",\"@id\":\"https:\\\/\\\/xuntatellanera.org\\\/#\\\/schema\\\/person\\\/6e080386fd1a1f1ed1c8fea432504e54\",\"name\":\"admin\",\"image\":{\"@type\":\"ImageObject\",\"inLanguage\":\"es\",\"@id\":\"https:\\\/\\\/secure.gravatar.com\\\/avatar\\\/bb8f707bfa83dfa4be179c71e9be1ef571ec111bd16393df56e8837a0b06d467?s=96&d=mm&r=g\",\"url\":\"https:\\\/\\\/secure.gravatar.com\\\/avatar\\\/bb8f707bfa83dfa4be179c71e9be1ef571ec111bd16393df56e8837a0b06d467?s=96&d=mm&r=g\",\"contentUrl\":\"https:\\\/\\\/secure.gravatar.com\\\/avatar\\\/bb8f707bfa83dfa4be179c71e9be1ef571ec111bd16393df56e8837a0b06d467?s=96&d=mm&r=g\",\"caption\":\"admin\"},\"sameAs\":[\"https:\\\/\\\/xuntatellanera.org\"],\"url\":\"https:\\\/\\\/xuntatellanera.org\\\/index.php\\\/author\\\/melodijoperez\\\/\"}]}<\/script>\n<!-- \/ Yoast SEO plugin. -->","yoast_head_json":{"title":"JORNADAS DE COMUNIDADES ENERGETICAS EN OVIEDO - X\u00fantate Llanera - Comunidad energ\u00e9tica","description":"\"ECOLOGISTAS EN ACCION\" PROMUEVE LAS PRIMERAS JORNADAS DE COMUNIDADES ENERGETICAS EN EL PRINCIPADO DE ASTURIAS EN LA LA CIUDAD DE OVIEDO","robots":{"index":"index","follow":"follow","max-snippet":"max-snippet:-1","max-image-preview":"max-image-preview:large","max-video-preview":"max-video-preview:-1"},"canonical":"https:\/\/xuntatellanera.org\/index.php\/2025\/05\/10\/jornadas-de-comunidades-energeticas-en-oviedo\/","og_locale":"es_ES","og_type":"article","og_title":"JORNADAS DE COMUNIDADES ENERGETICAS EN OVIEDO - X\u00fantate Llanera - Comunidad energ\u00e9tica","og_description":"\"ECOLOGISTAS EN ACCION\" PROMUEVE LAS PRIMERAS JORNADAS DE COMUNIDADES ENERGETICAS EN EL PRINCIPADO DE ASTURIAS EN LA LA CIUDAD DE OVIEDO","og_url":"https:\/\/xuntatellanera.org\/index.php\/2025\/05\/10\/jornadas-de-comunidades-energeticas-en-oviedo\/","og_site_name":"X\u00fantate Llanera - Comunidad energ\u00e9tica","article_published_time":"2025-05-10T07:54:07+00:00","article_modified_time":"2025-09-24T10:03:29+00:00","og_image":[{"width":401,"height":301,"url":"https:\/\/xuntatellanera.org\/wp-content\/uploads\/2025\/09\/Imagen1.jpg","type":"image\/jpeg"}],"author":"admin","twitter_card":"summary_large_image","twitter_misc":{"Escrito por":"admin","Tiempo de lectura":"1 minuto"},"schema":{"@context":"https:\/\/schema.org","@graph":[{"@type":"Article","@id":"https:\/\/xuntatellanera.org\/index.php\/2025\/05\/10\/jornadas-de-comunidades-energeticas-en-oviedo\/#article","isPartOf":{"@id":"https:\/\/xuntatellanera.org\/index.php\/2025\/05\/10\/jornadas-de-comunidades-energeticas-en-oviedo\/"},"author":{"name":"admin","@id":"https:\/\/xuntatellanera.org\/#\/schema\/person\/6e080386fd1a1f1ed1c8fea432504e54"},"headline":"JORNADAS DE COMUNIDADES ENERGETICAS EN OVIEDO","datePublished":"2025-05-10T07:54:07+00:00","dateModified":"2025-09-24T10:03:29+00:00","mainEntityOfPage":{"@id":"https:\/\/xuntatellanera.org\/index.php\/2025\/05\/10\/jornadas-de-comunidades-energeticas-en-oviedo\/"},"wordCount":176,"publisher":{"@id":"https:\/\/xuntatellanera.org\/#organization"},"image":{"@id":"https:\/\/xuntatellanera.org\/index.php\/2025\/05\/10\/jornadas-de-comunidades-energeticas-en-oviedo\/#primaryimage"},"thumbnailUrl":"https:\/\/xuntatellanera.org\/wp-content\/uploads\/2025\/09\/Imagen1.jpg","articleSection":["Sostenibilidad"],"inLanguage":"es"},{"@type":"WebPage","@id":"https:\/\/xuntatellanera.org\/index.php\/2025\/05\/10\/jornadas-de-comunidades-energeticas-en-oviedo\/","url":"https:\/\/xuntatellanera.org\/index.php\/2025\/05\/10\/jornadas-de-comunidades-energeticas-en-oviedo\/","name":"JORNADAS DE COMUNIDADES ENERGETICAS EN OVIEDO - X\u00fantate Llanera - Comunidad energ\u00e9tica","isPartOf":{"@id":"https:\/\/xuntatellanera.org\/#website"},"primaryImageOfPage":{"@id":"https:\/\/xuntatellanera.org\/index.php\/2025\/05\/10\/jornadas-de-comunidades-energeticas-en-oviedo\/#primaryimage"},"image":{"@id":"https:\/\/xuntatellanera.org\/index.php\/2025\/05\/10\/jornadas-de-comunidades-energeticas-en-oviedo\/#primaryimage"},"thumbnailUrl":"https:\/\/xuntatellanera.org\/wp-content\/uploads\/2025\/09\/Imagen1.jpg","datePublished":"2025-05-10T07:54:07+00:00","dateModified":"2025-09-24T10:03:29+00:00","description":"\"ECOLOGISTAS EN ACCION\" PROMUEVE LAS PRIMERAS JORNADAS DE COMUNIDADES ENERGETICAS EN EL PRINCIPADO DE ASTURIAS EN LA LA CIUDAD DE OVIEDO","breadcrumb":{"@id":"https:\/\/xuntatellanera.org\/index.php\/2025\/05\/10\/jornadas-de-comunidades-energeticas-en-oviedo\/#breadcrumb"},"inLanguage":"es","potentialAction":[{"@type":"ReadAction","target":["https:\/\/xuntatellanera.org\/index.php\/2025\/05\/10\/jornadas-de-comunidades-energeticas-en-oviedo\/"]}]},{"@type":"ImageObject","inLanguage":"es","@id":"https:\/\/xuntatellanera.org\/index.php\/2025\/05\/10\/jornadas-de-comunidades-energeticas-en-oviedo\/#primaryimage","url":"https:\/\/xuntatellanera.org\/wp-content\/uploads\/2025\/09\/Imagen1.jpg","contentUrl":"https:\/\/xuntatellanera.org\/wp-content\/uploads\/2025\/09\/Imagen1.jpg","width":401,"height":301},{"@type":"BreadcrumbList","@id":"https:\/\/xuntatellanera.org\/index.php\/2025\/05\/10\/jornadas-de-comunidades-energeticas-en-oviedo\/#breadcrumb","itemListElement":[{"@type":"ListItem","position":1,"name":"Portada","item":"https:\/\/xuntatellanera.org\/"},{"@type":"ListItem","position":2,"name":"JORNADAS DE COMUNIDADES ENERGETICAS EN OVIEDO"}]},{"@type":"WebSite","@id":"https:\/\/xuntatellanera.org\/#website","url":"https:\/\/xuntatellanera.org\/","name":"X\u00fantate Llanera - Comunidad energ\u00e9tica","description":"X\u00fantate Llanera - Comunidad energ\u00e9tica","publisher":{"@id":"https:\/\/xuntatellanera.org\/#organization"},"potentialAction":[{"@type":"SearchAction","target":{"@type":"EntryPoint","urlTemplate":"https:\/\/xuntatellanera.org\/?s={search_term_string}"},"query-input":{"@type":"PropertyValueSpecification","valueRequired":true,"valueName":"search_term_string"}}],"inLanguage":"es"},{"@type":"Organization","@id":"https:\/\/xuntatellanera.org\/#organization","name":"X\u00fantate Llanera - Comunidad energ\u00e9tica","url":"https:\/\/xuntatellanera.org\/","logo":{"@type":"ImageObject","inLanguage":"es","@id":"https:\/\/xuntatellanera.org\/#\/schema\/logo\/image\/","url":"https:\/\/xuntatellanera.org\/wp-content\/uploads\/2022\/08\/cropped-Logo-Xuntate-transparente.png","contentUrl":"https:\/\/xuntatellanera.org\/wp-content\/uploads\/2022\/08\/cropped-Logo-Xuntate-transparente.png","width":500,"height":280,"caption":"X\u00fantate Llanera - Comunidad energ\u00e9tica"},"image":{"@id":"https:\/\/xuntatellanera.org\/#\/schema\/logo\/image\/"}},{"@type":"Person","@id":"https:\/\/xuntatellanera.org\/#\/schema\/person\/6e080386fd1a1f1ed1c8fea432504e54","name":"admin","image":{"@type":"ImageObject","inLanguage":"es","@id":"https:\/\/secure.gravatar.com\/avatar\/bb8f707bfa83dfa4be179c71e9be1ef571ec111bd16393df56e8837a0b06d467?s=96&d=mm&r=g","url":"https:\/\/secure.gravatar.com\/avatar\/bb8f707bfa83dfa4be179c71e9be1ef571ec111bd16393df56e8837a0b06d467?s=96&d=mm&r=g","contentUrl":"https:\/\/secure.gravatar.com\/avatar\/bb8f707bfa83dfa4be179c71e9be1ef571ec111bd16393df56e8837a0b06d467?s=96&d=mm&r=g","caption":"admin"},"sameAs":["https:\/\/xuntatellanera.org"],"url":"https:\/\/xuntatellanera.org\/index.php\/author\/melodijoperez\/"}]}},"_links":{"self":[{"href":"https:\/\/xuntatellanera.org\/index.php\/wp-json\/wp\/v2\/posts\/2495","targetHints":{"allow":["GET"]}}],"collection":[{"href":"https:\/\/xuntatellanera.org\/index.php\/wp-json\/wp\/v2\/posts"}],"about":[{"href":"https:\/\/xuntatellanera.org\/index.php\/wp-json\/wp\/v2\/types\/post"}],"author":[{"embeddable":true,"href":"https:\/\/xuntatellanera.org\/index.php\/wp-json\/wp\/v2\/users\/1"}],"replies":[{"embeddable":true,"href":"https:\/\/xuntatellanera.org\/index.php\/wp-json\/wp\/v2\/comments?post=2495"}],"version-history":[{"count":10,"href":"https:\/\/xuntatellanera.org\/index.php\/wp-json\/wp\/v2\/posts\/2495\/revisions"}],"predecessor-version":[{"id":2632,"href":"https:\/\/xuntatellanera.org\/index.php\/wp-json\/wp\/v2\/posts\/2495\/revisions\/2632"}],"wp:featuredmedia":[{"embeddable":true,"href":"https:\/\/xuntatellanera.org\/index.php\/wp-json\/wp\/v2\/media\/2505"}],"wp:attachment":[{"href":"https:\/\/xuntatellanera.org\/index.php\/wp-json\/wp\/v2\/media?parent=2495"}],"wp:term":[{"taxonomy":"category","embeddable":true,"href":"https:\/\/xuntatellanera.org\/index.php\/wp-json\/wp\/v2\/categories?post=2495"},{"taxonomy":"post_tag","embeddable":true,"href":"https:\/\/xuntatellanera.org\/index.php\/wp-json\/wp\/v2\/tags?post=2495"}],"curies":[{"name":"wp","href":"https:\/\/api.w.org\/{rel}","templated":true}]}}